{"id":19120,"date":"2018-06-15T07:49:38","date_gmt":"2018-06-15T07:49:38","guid":{"rendered":"https:\/\/siedlungen.eu\/?post_type=blog&#038;p=19120"},"modified":"2019-09-15T07:51:49","modified_gmt":"2019-09-15T07:51:49","slug":"eu-macht-weg-frei-fuer-mehr-buergerenergie","status":"publish","type":"blog","link":"http:\/\/sdg21.eu\/en\/blog\/eu-macht-weg-frei-fuer-mehr-buergerenergie","title":{"rendered":"EU clears the way for more citizen energy"},"content":{"rendered":"<div><a href=\"https:\/\/baufachberatung.net\/wp-content\/uploads\/2018\/06\/Windkraftanlage.jpg\"><img loading=\"lazy\" decoding=\"async\" class=\"alignleft size-medium wp-image-9061\" src=\"https:\/\/baufachberatung.net\/wp-content\/uploads\/2018\/06\/Windkraftanlage-300x200.jpg\" alt=\"\" width=\"300\" height=\"200\" \/><\/a>Commenting on the agreement between the EU Commission, Council and Parliament on the further expansion of renewable energies in Europe <strong>Julia Verlinden<\/strong>spokeswoman for Alliance 90\/The Greens in the German Bundestag for energy policy:<\/div>\n<div><\/div>\n<div>The German government has been unsuccessful in putting the brakes on community energy. Europe is now ensuring that the hurdles and fees for self-generation and consumption of renewable electricity are lowered. The storage and sale of electricity from small systems will also become much easier thanks to the EU regulations. This is good news from Brussels for the decentralised energy transition and the participation of people in the conversion of their energy supply.<\/div>\n<p><!--more--><\/p>\n<div>\n<p>In contrast, the expansion target for renewable energies in Europe is falling far short of requirements. Economics Minister Altmaier is currently driving the energy transition against the wall, and not just in Germany. He has also done his utmost in Brussels to ensure that the expansion targets are set too low. We need much more renewable energy and also more energy efficiency in order to ensure a clean energy supply and achieve the Paris climate protection targets. After all, climate protection is about nothing less than our livelihoods.<\/p>\n<p>Press release Alliance 90\/The Greens from 14 June 2018<\/p>\n<\/div>","protected":false},"excerpt":{"rendered":"<p>Zur Einigung zwischen EU-Kommission, Rat und Parlament \u00fcber den weiteren Ausbau der Erneuerbaren Energien in Europa erkl\u00e4rt Julia Verlinden, Sprecherin von B\u00dcNDNIS 90\/DIE GR\u00dcNEN im Deutschen Bundestag f\u00fcr Energiepolitik: Die deutsche Regierung hatte mit ihrem Bremserkurs f\u00fcr die B\u00fcrgerenergie keinen Erfolg. Europa sorgt nun daf\u00fcr, dass die H\u00fcrden und Geb\u00fchren f\u00fcr Eigenerzeugung und -verbrauch von [&hellip;]<\/p>\n","protected":false},"author":1,"featured_media":0,"parent":0,"menu_order":0,"template":"","format":"standard","blog-kategorie":[755,883,756,804,784,782,788,797,825],"blog-schlagwort":[],"class_list":{"0":"post-19120","1":"blog","2":"type-blog","3":"status-publish","4":"format-standard","6":"blog-kategorie-akteure","7":"blog-kategorie-buergerenergie","8":"blog-kategorie-erneuerbare","9":"blog-kategorie-klimaschutz","10":"blog-kategorie-europa-ohne-de","11":"blog-kategorie-oekologie","12":"blog-kategorie-oekonomie","13":"blog-kategorie-plusenergiehaus-siedlung","14":"blog-kategorie-umweltpolitik","15":"gallery-content-unit","16":"czr-hentry"},"aioseo_notices":[],"_links":{"self":[{"href":"http:\/\/sdg21.eu\/en\/wp-json\/wp\/v2\/blog\/19120","targetHints":{"allow":["GET"]}}],"collection":[{"href":"http:\/\/sdg21.eu\/en\/wp-json\/wp\/v2\/blog"}],"about":[{"href":"http:\/\/sdg21.eu\/en\/wp-json\/wp\/v2\/types\/blog"}],"author":[{"embeddable":true,"href":"http:\/\/sdg21.eu\/en\/wp-json\/wp\/v2\/users\/1"}],"version-history":[{"count":0,"href":"http:\/\/sdg21.eu\/en\/wp-json\/wp\/v2\/blog\/19120\/revisions"}],"wp:attachment":[{"href":"http:\/\/sdg21.eu\/en\/wp-json\/wp\/v2\/media?parent=19120"}],"wp:term":[{"taxonomy":"blog-kategorie","embeddable":true,"href":"http:\/\/sdg21.eu\/en\/wp-json\/wp\/v2\/blog-kategorie?post=19120"},{"taxonomy":"blog-schlagwort","embeddable":true,"href":"http:\/\/sdg21.eu\/en\/wp-json\/wp\/v2\/blog-schlagwort?post=19120"}],"curies":[{"name":"wp","href":"https:\/\/api.w.org\/{rel}","templated":true}]}}