{"id":20688,"date":"2020-01-25T19:40:20","date_gmt":"2020-01-25T18:40:20","guid":{"rendered":"https:\/\/siedlungen.eu\/?post_type=blog&#038;p=20688"},"modified":"2020-09-22T06:44:32","modified_gmt":"2020-09-22T04:44:32","slug":"beliebte-nachhaltige-siedlungen-und-quartiere-in-2019","status":"publish","type":"blog","link":"http:\/\/sdg21.eu\/en\/blog\/beliebte-nachhaltige-siedlungen-und-quartiere-in-2019","title":{"rendered":"Popular Sustainable Settlements and Neighborhoods in 2019"},"content":{"rendered":"<h3>The following sdg21 websites had the most views from January 1 to December 31, 2019:<\/h3>\n<p>The page views were only recorded if \"Do not track\" was deactivated in the user's browser. This means that the actual access figures are likely to be significantly higher.<\/p>\n<p><b>sdg21 page views<\/b> <strong>Projects<\/strong><\/p>\n<table cellspacing=\"0\" cellpadding=\"2\">\n<thead>\n<tr>\n<td><\/td>\n<td><b>Link<\/b><\/td>\n<\/tr>\n<\/thead>\n<tbody>\n<tr>\n<td>1.<\/td>\n<td><a href=\"http:\/\/sdg21.eu\/db\/stellwerk-60-koeln-nippes\" rel=\"noopener\"><img loading=\"lazy\" decoding=\"async\" class=\"alignleft\" src=\"http:\/\/sdg21.eu\/wp-content\/uploads\/2016\/08\/DSC_2834.jpg\" width=\"161\" height=\"107\" \/><\/a><a href=\"http:\/\/sdg21.eu\/db\/stellwerk-60-koeln-nippes\">http:\/\/sdg21.eu\/db\/stellwerk-60-koeln-nippes<\/a><\/td>\n<\/tr>\n<tr>\n<td width=\"41\">\n<p align=\"right\">2.<\/p>\n<\/td>\n<td width=\"544\"><strong><a href=\"http:\/\/sdg21.eu\/db\/nachhaltiger-modellstadtteil-vauban\"><img loading=\"lazy\" decoding=\"async\" class=\"alignleft wp-image-20288\" src=\"http:\/\/sdg21.eu\/wp-content\/uploads\/2019\/12\/freiburg-67-160x120.jpg\" alt=\"\" width=\"160\" height=\"120\" srcset=\"https:\/\/sdg21.eu\/wp-content\/uploads\/2019\/12\/freiburg-67-160x120.jpg 160w, https:\/\/sdg21.eu\/wp-content\/uploads\/2019\/12\/freiburg-67-560x420.jpg 560w, https:\/\/sdg21.eu\/wp-content\/uploads\/2019\/12\/freiburg-67-1280x960.jpg 1280w, https:\/\/sdg21.eu\/wp-content\/uploads\/2019\/12\/freiburg-67-250x188.jpg 250w, https:\/\/sdg21.eu\/wp-content\/uploads\/2019\/12\/freiburg-67-768x576.jpg 768w, https:\/\/sdg21.eu\/wp-content\/uploads\/2019\/12\/freiburg-67-1536x1152.jpg 1536w, https:\/\/sdg21.eu\/wp-content\/uploads\/2019\/12\/freiburg-67-2048x1536.jpg 2048w, https:\/\/sdg21.eu\/wp-content\/uploads\/2019\/12\/freiburg-67-1320x990.jpg 1320w, https:\/\/sdg21.eu\/wp-content\/uploads\/2019\/12\/freiburg-67-300x225.jpg 300w, https:\/\/sdg21.eu\/wp-content\/uploads\/2019\/12\/freiburg-67-1024x768.jpg 1024w, https:\/\/sdg21.eu\/wp-content\/uploads\/2019\/12\/freiburg-67-144x108.jpg 144w\" sizes=\"auto, (max-width: 160px) 100vw, 160px\" \/><\/a><\/strong><a href=\"http:\/\/sdg21.eu\/db\/nachhaltiger-modellstadtteil-vauban\">http:\/\/sdg21.eu\/db\/nachhaltiger-modellstadtteil-vauban<\/a><\/td>\n<\/tr>\n<tr>\n<td width=\"41\">\n<p align=\"right\">3.<\/p>\n<\/td>\n<td width=\"544\"><strong><a href=\"http:\/\/sdg21.eu\/db\/s-u-s-i\"><img loading=\"lazy\" decoding=\"async\" class=\"alignleft wp-image-7401\" title=\"Photo: H. Wolpensinger\" src=\"http:\/\/sdg21.eu\/wp-content\/uploads\/2016\/08\/79_60_Susi-300x206.jpg\" alt=\"79_60_Susi\" width=\"160\" height=\"110\" srcset=\"https:\/\/sdg21.eu\/wp-content\/uploads\/2016\/08\/79_60_Susi-300x206.jpg 300w, https:\/\/sdg21.eu\/wp-content\/uploads\/2016\/08\/79_60_Susi-250x172.jpg 250w, https:\/\/sdg21.eu\/wp-content\/uploads\/2016\/08\/79_60_Susi-100x69.jpg 100w, https:\/\/sdg21.eu\/wp-content\/uploads\/2016\/08\/79_60_Susi-144x99.jpg 144w, https:\/\/sdg21.eu\/wp-content\/uploads\/2016\/08\/79_60_Susi.jpg 425w\" sizes=\"auto, (max-width: 160px) 100vw, 160px\" \/><\/a><\/strong><a href=\"http:\/\/sdg21.eu\/db\/s-u-s-i\">http:\/\/sdg21.eu\/db\/s-u-s-i<\/a><\/td>\n<\/tr>\n<tr>\n<td width=\"41\">\n<p align=\"right\">4.<\/p>\n<\/td>\n<td width=\"544\"><a href=\"http:\/\/sdg21.eu\/db\/baumhaeuser-von-frei-otto-in-berlin-tiergarten\"><img loading=\"lazy\" decoding=\"async\" class=\"alignleft wp-image-7603 size-thumbnail\" src=\"http:\/\/sdg21.eu\/wp-content\/uploads\/2016\/08\/baumhaus_berlin-160x110.jpg\" alt=\"baumhaus_berlin\" width=\"160\" height=\"110\" srcset=\"https:\/\/sdg21.eu\/wp-content\/uploads\/2016\/08\/baumhaus_berlin-160x110.jpg 160w, https:\/\/sdg21.eu\/wp-content\/uploads\/2016\/08\/baumhaus_berlin-560x385.jpg 560w, https:\/\/sdg21.eu\/wp-content\/uploads\/2016\/08\/baumhaus_berlin-250x172.jpg 250w, https:\/\/sdg21.eu\/wp-content\/uploads\/2016\/08\/baumhaus_berlin-768x528.jpg 768w, https:\/\/sdg21.eu\/wp-content\/uploads\/2016\/08\/baumhaus_berlin-300x206.jpg 300w, https:\/\/sdg21.eu\/wp-content\/uploads\/2016\/08\/baumhaus_berlin-1024x705.jpg 1024w, https:\/\/sdg21.eu\/wp-content\/uploads\/2016\/08\/baumhaus_berlin-144x99.jpg 144w, https:\/\/sdg21.eu\/wp-content\/uploads\/2016\/08\/baumhaus_berlin-100x69.jpg 100w, https:\/\/sdg21.eu\/wp-content\/uploads\/2016\/08\/baumhaus_berlin.jpg 1196w\" sizes=\"auto, (max-width: 160px) 100vw, 160px\" \/><\/a><a href=\"http:\/\/sdg21.eu\/db\/baumhaeuser-von-frei-otto-in-berlin-tiergarten\">http:\/\/sdg21.eu\/db\/baumhaeuser-von-frei-otto-in-berlin-tiergarten<\/a><\/td>\n<\/tr>\n<tr>\n<td width=\"41\">\n<p align=\"right\">5.<\/p>\n<\/td>\n<td width=\"544\"><a href=\"http:\/\/sdg21.eu\/db\/duesseldorf-unterbach\"><img loading=\"lazy\" decoding=\"async\" class=\"alignleft wp-image-9442\" src=\"http:\/\/sdg21.eu\/wp-content\/uploads\/2016\/08\/bb7-203x300.jpg\" alt=\"bb7\" width=\"108\" height=\"160\" srcset=\"https:\/\/sdg21.eu\/wp-content\/uploads\/2016\/08\/bb7-203x300.jpg 203w, https:\/\/sdg21.eu\/wp-content\/uploads\/2016\/08\/bb7-379x560.jpg 379w, https:\/\/sdg21.eu\/wp-content\/uploads\/2016\/08\/bb7-169x250.jpg 169w, https:\/\/sdg21.eu\/wp-content\/uploads\/2016\/08\/bb7-768x1135.jpg 768w, https:\/\/sdg21.eu\/wp-content\/uploads\/2016\/08\/bb7-68x100.jpg 68w, https:\/\/sdg21.eu\/wp-content\/uploads\/2016\/08\/bb7-693x1024.jpg 693w, https:\/\/sdg21.eu\/wp-content\/uploads\/2016\/08\/bb7-97x144.jpg 97w, https:\/\/sdg21.eu\/wp-content\/uploads\/2016\/08\/bb7.jpg 809w\" sizes=\"auto, (max-width: 108px) 100vw, 108px\" \/><\/a><a href=\"http:\/\/sdg21.eu\/db\/duesseldorf-unterbach\">http:\/\/sdg21.eu\/db\/duesseldorf-unterbach<\/a><\/td>\n<\/tr>\n<tr>\n<td width=\"41\">\n<p align=\"right\">6.<\/p>\n<\/td>\n<td width=\"544\"><strong><a href=\"http:\/\/sdg21.eu\/db\/bielefeld-waldquelle\"><img loading=\"lazy\" decoding=\"async\" class=\"alignleft wp-image-11911 size-thumbnail\" title=\"Photo: H. Wolpensinger\" src=\"http:\/\/sdg21.eu\/wp-content\/uploads\/2016\/08\/Genossenschaftsgebaeude-160x107.jpg\" alt=\"Genossenschaftsgeb\u00e4ude\" width=\"160\" height=\"107\" srcset=\"https:\/\/sdg21.eu\/wp-content\/uploads\/2016\/08\/Genossenschaftsgebaeude-160x107.jpg 160w, https:\/\/sdg21.eu\/wp-content\/uploads\/2016\/08\/Genossenschaftsgebaeude-560x376.jpg 560w, https:\/\/sdg21.eu\/wp-content\/uploads\/2016\/08\/Genossenschaftsgebaeude-250x168.jpg 250w, https:\/\/sdg21.eu\/wp-content\/uploads\/2016\/08\/Genossenschaftsgebaeude-768x515.jpg 768w, https:\/\/sdg21.eu\/wp-content\/uploads\/2016\/08\/Genossenschaftsgebaeude-300x201.jpg 300w, https:\/\/sdg21.eu\/wp-content\/uploads\/2016\/08\/Genossenschaftsgebaeude-144x97.jpg 144w, https:\/\/sdg21.eu\/wp-content\/uploads\/2016\/08\/Genossenschaftsgebaeude.jpg 888w\" sizes=\"auto, (max-width: 160px) 100vw, 160px\" \/><\/a><\/strong><a href=\"http:\/\/sdg21.eu\/db\/bielefeld-waldquelle\">http:\/\/sdg21.eu\/db\/bielefeld-waldquelle<\/a><\/td>\n<\/tr>\n<tr>\n<td width=\"41\">\n<p align=\"right\">7.<\/p>\n<\/td>\n<td width=\"544\"><a href=\"http:\/\/sdg21.eu\/db\/esa-studierendenwohnheim-kaiserslautern\"><img loading=\"lazy\" decoding=\"async\" class=\"alignleft wp-image-8712 size-thumbnail\" src=\"http:\/\/sdg21.eu\/wp-content\/uploads\/2016\/08\/2-5-160x109.jpg\" alt=\"2\" width=\"160\" height=\"109\" srcset=\"https:\/\/sdg21.eu\/wp-content\/uploads\/2016\/08\/2-5-160x109.jpg 160w, https:\/\/sdg21.eu\/wp-content\/uploads\/2016\/08\/2-5-560x381.jpg 560w, https:\/\/sdg21.eu\/wp-content\/uploads\/2016\/08\/2-5-250x170.jpg 250w, https:\/\/sdg21.eu\/wp-content\/uploads\/2016\/08\/2-5-300x204.jpg 300w, https:\/\/sdg21.eu\/wp-content\/uploads\/2016\/08\/2-5-144x98.jpg 144w, https:\/\/sdg21.eu\/wp-content\/uploads\/2016\/08\/2-5-100x68.jpg 100w, https:\/\/sdg21.eu\/wp-content\/uploads\/2016\/08\/2-5.jpg 600w\" sizes=\"auto, (max-width: 160px) 100vw, 160px\" \/><\/a><a href=\"http:\/\/sdg21.eu\/db\/esa-studierendenwohnheim-kaiserslautern\">http:\/\/sdg21.eu\/db\/esa-studierendenwohnheim-kaiserslautern<\/a><\/td>\n<\/tr>\n<tr>\n<td width=\"41\">\n<p align=\"right\">8.<\/p>\n<\/td>\n<td width=\"544\"><strong><a href=\"http:\/\/sdg21.eu\/db\/franzoesisches-viertel-tuebingen\"><img loading=\"lazy\" decoding=\"async\" class=\"wp-image-7587 size-thumbnail alignleft\" src=\"http:\/\/sdg21.eu\/wp-content\/uploads\/2016\/08\/Luftbild-Franz-Viertel-Tuebingen-160x50.jpg\" alt=\"Luftbild-Franz-Viertel-Tuebingen\" width=\"160\" height=\"50\" srcset=\"https:\/\/sdg21.eu\/wp-content\/uploads\/2016\/08\/Luftbild-Franz-Viertel-Tuebingen-160x50.jpg 160w, https:\/\/sdg21.eu\/wp-content\/uploads\/2016\/08\/Luftbild-Franz-Viertel-Tuebingen-560x173.jpg 560w, https:\/\/sdg21.eu\/wp-content\/uploads\/2016\/08\/Luftbild-Franz-Viertel-Tuebingen-1280x397.jpg 1280w, https:\/\/sdg21.eu\/wp-content\/uploads\/2016\/08\/Luftbild-Franz-Viertel-Tuebingen-250x77.jpg 250w, https:\/\/sdg21.eu\/wp-content\/uploads\/2016\/08\/Luftbild-Franz-Viertel-Tuebingen-768x238.jpg 768w, https:\/\/sdg21.eu\/wp-content\/uploads\/2016\/08\/Luftbild-Franz-Viertel-Tuebingen-1536x476.jpg 1536w, https:\/\/sdg21.eu\/wp-content\/uploads\/2016\/08\/Luftbild-Franz-Viertel-Tuebingen-2048x634.jpg 2048w, https:\/\/sdg21.eu\/wp-content\/uploads\/2016\/08\/Luftbild-Franz-Viertel-Tuebingen-1320x409.jpg 1320w, https:\/\/sdg21.eu\/wp-content\/uploads\/2016\/08\/Luftbild-Franz-Viertel-Tuebingen-300x93.jpg 300w, https:\/\/sdg21.eu\/wp-content\/uploads\/2016\/08\/Luftbild-Franz-Viertel-Tuebingen-1024x317.jpg 1024w, https:\/\/sdg21.eu\/wp-content\/uploads\/2016\/08\/Luftbild-Franz-Viertel-Tuebingen-144x45.jpg 144w, https:\/\/sdg21.eu\/wp-content\/uploads\/2016\/08\/Luftbild-Franz-Viertel-Tuebingen-100x31.jpg 100w\" sizes=\"auto, (max-width: 160px) 100vw, 160px\" \/><\/a><\/strong><a href=\"http:\/\/sdg21.eu\/db\/franzoesisches-viertel-tuebingen\">http:\/\/sdg21.eu\/db\/franzoesisches-viertel-tuebingen<\/a><\/td>\n<\/tr>\n<\/tbody>\n<\/table>\n<p><!--more--><\/p>\n<table style=\"width: 90%;\" width=\"90%\" cellspacing=\"0\" cellpadding=\"2\">\n<tbody>\n<tr>\n<td style=\"width: 7.43155%; vertical-align: top;\" width=\"41\">\n<p align=\"right\">9.<\/p>\n<\/td>\n<td style=\"width: 92.5685%;\" width=\"544\"><a href=\"http:\/\/sdg21.eu\/db\/hermannsdorfer-landwerkstaetten-kronsberg\">http:\/\/sdg21.eu\/db\/hermannsdorfer-landwerkstaetten-kronsberg<\/a><\/td>\n<\/tr>\n<tr style=\"height: 194px;\">\n<td style=\"width: 7.43155%; height: 194px; vertical-align: top;\" width=\"41\">\n<p align=\"right\">10.<\/p>\n<\/td>\n<td style=\"width: 92.5685%; height: 194px;\" width=\"544\"><a href=\"http:\/\/sdg21.eu\/db\/hundertwasser-haus-waldspirale\"><img loading=\"lazy\" decoding=\"async\" class=\"alignleft wp-image-8976 size-thumbnail\" src=\"http:\/\/sdg21.eu\/wp-content\/uploads\/2016\/08\/CS-10-2006-NSE-100wasser-06-160x120.jpg\" alt=\"CS-10-2006-NSE-100wasser-06\" width=\"160\" height=\"120\" srcset=\"https:\/\/sdg21.eu\/wp-content\/uploads\/2016\/08\/CS-10-2006-NSE-100wasser-06-160x120.jpg 160w, https:\/\/sdg21.eu\/wp-content\/uploads\/2016\/08\/CS-10-2006-NSE-100wasser-06-560x420.jpg 560w, https:\/\/sdg21.eu\/wp-content\/uploads\/2016\/08\/CS-10-2006-NSE-100wasser-06-250x188.jpg 250w, https:\/\/sdg21.eu\/wp-content\/uploads\/2016\/08\/CS-10-2006-NSE-100wasser-06-768x576.jpg 768w, https:\/\/sdg21.eu\/wp-content\/uploads\/2016\/08\/CS-10-2006-NSE-100wasser-06-300x225.jpg 300w, https:\/\/sdg21.eu\/wp-content\/uploads\/2016\/08\/CS-10-2006-NSE-100wasser-06-144x108.jpg 144w, https:\/\/sdg21.eu\/wp-content\/uploads\/2016\/08\/CS-10-2006-NSE-100wasser-06-100x75.jpg 100w, https:\/\/sdg21.eu\/wp-content\/uploads\/2016\/08\/CS-10-2006-NSE-100wasser-06.jpg 850w\" sizes=\"auto, (max-width: 160px) 100vw, 160px\" \/><\/a><a href=\"http:\/\/sdg21.eu\/db\/hundertwasser-haus-waldspirale\">http:\/\/sdg21.eu\/db\/hundertwasser-haus-waldspirale<\/a><\/td>\n<\/tr>\n<tr>\n<td style=\"width: 7.43155%;\" width=\"41\">\n<p align=\"right\">11.<\/p>\n<\/td>\n<td style=\"width: 92.5685%;\" width=\"544\"><a href=\"http:\/\/sdg21.eu\/db\/gemeinschaftssiedlung-alte-gaertnerei-in-kiel\">http:\/\/sdg21.eu\/db\/gemeinschaftssiedlung-alte-gaertnerei-in-kiel<\/a><\/td>\n<\/tr>\n<tr>\n<td style=\"width: 7.43155%;\" width=\"41\">\n<p align=\"right\">12.<\/p>\n<\/td>\n<td style=\"width: 92.5685%;\" width=\"544\"><a href=\"http:\/\/sdg21.eu\/db\/energiespeicher-der-stadtwerke-heidelberg\">http:\/\/sdg21.eu\/db\/energiespeicher-der-stadtwerke-heidelberg<\/a><\/td>\n<\/tr>\n<tr>\n<td style=\"width: 7.43155%;\" width=\"41\">\n<p align=\"right\">13.<\/p>\n<\/td>\n<td style=\"width: 92.5685%;\" width=\"544\"><a href=\"http:\/\/sdg21.eu\/db\/stiftungsdorf-ellener-hof\">http:\/\/sdg21.eu\/db\/stiftungsdorf-ellener-hof-oekologisch-gebaut-bunt-gemischt<\/a><\/td>\n<\/tr>\n<tr>\n<td style=\"width: 7.43155%;\" width=\"41\">\n<p align=\"right\">14.<\/p>\n<\/td>\n<td style=\"width: 92.5685%;\" width=\"544\"><a href=\"http:\/\/sdg21.eu\/db\/dorf-in-der-stadt\">http:\/\/sdg21.eu\/db\/dorf-in-der-stadt<\/a><\/td>\n<\/tr>\n<tr>\n<td style=\"width: 7.43155%;\" width=\"41\">\n<p align=\"right\">15.<\/p>\n<\/td>\n<td style=\"width: 92.5685%;\" width=\"544\"><a href=\"http:\/\/sdg21.eu\/db\/trabrennbahn-farmsen\">http:\/\/sdg21.eu\/db\/trabrennbahn-farmsen<\/a><\/td>\n<\/tr>\n<tr>\n<td style=\"width: 7.43155%;\" width=\"41\">\n<p align=\"right\">16.<\/p>\n<\/td>\n<td style=\"width: 92.5685%;\" width=\"544\"><a href=\"http:\/\/sdg21.eu\/db\/allermoehe\">http:\/\/sdg21.eu\/db\/allermoehe<\/a><\/td>\n<\/tr>\n<tr>\n<td style=\"width: 7.43155%;\" width=\"41\">\n<p align=\"right\">17.<\/p>\n<\/td>\n<td style=\"width: 92.5685%;\" width=\"544\"><a href=\"http:\/\/sdg21.eu\/db\/hannover-kronsberg\">http:\/\/sdg21.eu\/db\/hannover-kronsberg<\/a><\/td>\n<\/tr>\n<tr>\n<td style=\"width: 7.43155%;\" width=\"41\">\n<p align=\"right\">18.<\/p>\n<\/td>\n<td style=\"width: 92.5685%;\" width=\"544\"><a href=\"http:\/\/sdg21.eu\/db\/solarstadt-wiggenhausen\">http:\/\/sdg21.eu\/db\/solarstadt-wiggenhausen<\/a><\/td>\n<\/tr>\n<tr>\n<td style=\"width: 7.43155%;\" width=\"41\">\n<p align=\"right\">19.<\/p>\n<\/td>\n<td style=\"width: 92.5685%;\" width=\"544\"><a href=\"http:\/\/sdg21.eu\/db\/oekosiedlung-wennigsen\">http:\/\/sdg21.eu\/db\/oekosiedlung-wennigsen<\/a><\/td>\n<\/tr>\n<tr>\n<td style=\"width: 7.43155%;\" width=\"41\">\n<p align=\"right\">20.<\/p>\n<\/td>\n<td style=\"width: 92.5685%;\" width=\"544\"><a href=\"http:\/\/sdg21.eu\/db\/laher-wiesen-hannover\">http:\/\/sdg21.eu\/db\/laher-wiesen-hannover<\/a><\/td>\n<\/tr>\n<tr>\n<td style=\"width: 7.43155%;\" width=\"41\">\n<p align=\"right\">21.<\/p>\n<\/td>\n<td style=\"width: 92.5685%;\" width=\"544\"><a href=\"http:\/\/sdg21.eu\/db\/energieautarkes-solarhaus\">http:\/\/sdg21.eu\/db\/energieautarkes-solarhaus<\/a><\/td>\n<\/tr>\n<tr>\n<td style=\"width: 7.43155%;\" width=\"41\">\n<p align=\"right\">22.<\/p>\n<\/td>\n<td style=\"width: 92.5685%;\" width=\"544\"><a href=\"http:\/\/sdg21.eu\/db\/oekosiedlung-am-wasserturm\">http:\/\/sdg21.eu\/db\/oekosiedlung-am-wasserturm<\/a><\/td>\n<\/tr>\n<tr>\n<td style=\"width: 7.43155%;\" width=\"41\">\n<p align=\"right\">23.<\/p>\n<\/td>\n<td style=\"width: 92.5685%;\" width=\"544\"><a href=\"http:\/\/sdg21.eu\/db\/gruenes-wohnen-an-der-baldenau\">http:\/\/sdg21.eu\/db\/gruenes-wohnen-an-der-baldenau<\/a><\/td>\n<\/tr>\n<tr>\n<td style=\"width: 7.43155%;\" width=\"41\">\n<p align=\"right\">24.<\/p>\n<\/td>\n<td style=\"width: 92.5685%;\" width=\"544\"><a href=\"http:\/\/sdg21.eu\/db\/bo01-malmoe\">http:\/\/sdg21.eu\/db\/bo01-malmoe<\/a><\/td>\n<\/tr>\n<tr>\n<td style=\"width: 7.43155%;\" width=\"41\">\n<p align=\"right\">25.<\/p>\n<\/td>\n<td style=\"width: 92.5685%;\" width=\"544\"><a href=\"http:\/\/sdg21.eu\/db\/prisma-nuernberg\">http:\/\/sdg21.eu\/db\/prisma-nuernberg<\/a><\/td>\n<\/tr>\n<tr>\n<td style=\"width: 7.43155%;\" width=\"41\">\n<p align=\"right\">26.<\/p>\n<\/td>\n<td style=\"width: 92.5685%;\" width=\"544\"><a href=\"http:\/\/sdg21.eu\/db\/haus-heyden-hof\">http:\/\/sdg21.eu\/db\/haus-heyden-hof<\/a><\/td>\n<\/tr>\n<tr>\n<td style=\"width: 7.43155%;\" width=\"41\">\n<p align=\"right\">27.<\/p>\n<\/td>\n<td style=\"width: 92.5685%;\" width=\"544\"><a href=\"http:\/\/sdg21.eu\/db\/thomas-muentzer-siedlung\">http:\/\/sdg21.eu\/db\/thomas-muentzer-siedlung<\/a><\/td>\n<\/tr>\n<tr>\n<td style=\"width: 7.43155%;\" width=\"41\">\n<p align=\"right\">28.<\/p>\n<\/td>\n<td style=\"width: 92.5685%;\" width=\"544\"><a href=\"http:\/\/sdg21.eu\/db\/boerkhauser-feld\">http:\/\/sdg21.eu\/db\/boerkhauser-feld<\/a><\/td>\n<\/tr>\n<tr>\n<td style=\"width: 7.43155%;\" width=\"41\">\n<p align=\"right\">29.<\/p>\n<\/td>\n<td style=\"width: 92.5685%;\" width=\"544\"><a href=\"http:\/\/sdg21.eu\/db\/jenfelder-au\">http:\/\/sdg21.eu\/db\/jenfelder-au<\/a><\/td>\n<\/tr>\n<tr>\n<td style=\"width: 7.43155%;\" width=\"41\">\n<p align=\"right\">30.<\/p>\n<\/td>\n<td style=\"width: 92.5685%;\" width=\"544\"><a href=\"http:\/\/sdg21.eu\/db\/stegerwaldsiedlung-koeln\">http:\/\/sdg21.eu\/db\/stegerwaldsiedlung-koeln<\/a><\/td>\n<\/tr>\n<tr>\n<td style=\"width: 7.43155%;\" width=\"41\">\n<p align=\"right\">31.<\/p>\n<\/td>\n<td style=\"width: 92.5685%;\" width=\"544\"><a href=\"http:\/\/sdg21.eu\/blog\/videos-ueber-das-oekodorf-sieben-linden\">http:\/\/sdg21.eu\/blog\/videos-ueber-das-oekodorf-sieben-linden<\/a><\/td>\n<\/tr>\n<tr>\n<td style=\"width: 7.43155%;\" width=\"41\">\n<p align=\"right\">32.<\/p>\n<\/td>\n<td style=\"width: 92.5685%;\" width=\"544\"><a href=\"http:\/\/sdg21.eu\/db\/lehmbausiedlung-schoeneiche\">http:\/\/sdg21.eu\/db\/lehmbausiedlung-schoeneiche<\/a><\/td>\n<\/tr>\n<tr>\n<td style=\"width: 7.43155%;\" width=\"41\">\n<p align=\"right\">33.<\/p>\n<\/td>\n<td style=\"width: 92.5685%;\" width=\"544\"><a href=\"http:\/\/sdg21.eu\/db\/beginenhof-bremen\">http:\/\/sdg21.eu\/db\/beginenhof-bremen<\/a><\/td>\n<\/tr>\n<tr>\n<td style=\"width: 7.43155%;\" width=\"41\">\n<p align=\"right\">34.<\/p>\n<\/td>\n<td style=\"width: 92.5685%;\" width=\"544\"><a href=\"http:\/\/sdg21.eu\/db\/oekologische-siedlung-im-prinz-eugen-park\">http:\/\/sdg21.eu\/db\/oekologische-siedlung-im-prinz-eugen-park<\/a><\/td>\n<\/tr>\n<tr>\n<td style=\"width: 7.43155%;\" width=\"41\">\n<p align=\"right\">35.<\/p>\n<\/td>\n<td style=\"width: 92.5685%;\" width=\"544\"><a href=\"http:\/\/sdg21.eu\/db\/documenta-urbana-kassel-doenche\">http:\/\/sdg21.eu\/db\/documenta-urbana-kassel-doenche<\/a><\/td>\n<\/tr>\n<\/tbody>\n<\/table>\n<p>.<\/p>\n<table style=\"width: 96.1717%; height: 984px;\" width=\"643\" cellspacing=\"0\" cellpadding=\"2\">\n<colgroup>\n<col width=\"34\" \/>\n<col width=\"551\" \/>\n<col width=\"45\" \/> <\/colgroup>\n<thead>\n<tr style=\"height: 64px;\">\n<td style=\"width: 5.43478%; height: 64px;\"><\/td>\n<td style=\"width: 86.8012%; height: 64px;\">\n<h3><b>sdg21 page views \"Topics\" and \"Typology<\/b><\/h3>\n<\/td>\n<\/tr>\n<tr style=\"height: 39px;\">\n<td style=\"width: 5.43478%; height: 39px;\" width=\"34\"><\/td>\n<td style=\"width: 86.8012%; height: 39px;\" width=\"551\">Link<\/td>\n<\/tr>\n<\/thead>\n<tbody>\n<tr style=\"height: 67px;\">\n<td style=\"width: 5.43478%; height: 67px;\" width=\"34\">\n<p align=\"right\">1.<\/p>\n<\/td>\n<td style=\"width: 86.8012%; height: 67px;\" width=\"551\"><a href=\"https:\/\/siedlungen.eu\/typologie\/oekosiedlung\">https:\/\/siedlungen.eu\/typologie\/oekosiedlung<\/a><\/td>\n<\/tr>\n<tr style=\"height: 67px;\">\n<td style=\"width: 5.43478%; height: 67px;\" width=\"34\">\n<p align=\"right\">2.<\/p>\n<\/td>\n<td style=\"width: 86.8012%; height: 67px;\" width=\"551\"><a href=\"https:\/\/siedlungen.eu\/typologie\/erdhuegelhaus\">https:\/\/siedlungen.eu\/typologie\/erdhuegelhaus<\/a><\/td>\n<\/tr>\n<tr style=\"height: 67px;\">\n<td style=\"width: 5.43478%; height: 67px;\" width=\"34\">\n<p align=\"right\">3.<\/p>\n<\/td>\n<td style=\"width: 86.8012%; height: 67px;\" width=\"551\"><a href=\"https:\/\/siedlungen.eu\/tag\/autofreies-wohnen\">https:\/\/siedlungen.eu\/tag\/autofreies-wohnen<\/a><\/td>\n<\/tr>\n<tr style=\"height: 67px;\">\n<td style=\"width: 5.43478%; height: 67px;\" width=\"34\">\n<p align=\"right\">4.<\/p>\n<\/td>\n<td style=\"width: 86.8012%; height: 67px;\" width=\"551\"><a href=\"https:\/\/siedlungen.eu\/tag\/permakultur\">https:\/\/siedlungen.eu\/tag\/permakultur<\/a><\/td>\n<\/tr>\n<tr style=\"height: 67px;\">\n<td style=\"width: 5.43478%; height: 67px;\" width=\"34\">\n<p align=\"right\">5.<\/p>\n<\/td>\n<td style=\"width: 86.8012%; height: 67px;\" width=\"551\"><a href=\"https:\/\/siedlungen.eu\/typologie\/oekodorf\">https:\/\/siedlungen.eu\/typologie\/oekodorf<\/a><\/td>\n<\/tr>\n<tr style=\"height: 67px;\">\n<td style=\"width: 5.43478%; height: 67px;\" width=\"34\">\n<p align=\"right\">6.<\/p>\n<\/td>\n<td style=\"width: 86.8012%; height: 67px;\" width=\"551\"><a href=\"https:\/\/siedlungen.eu\/tag\/plusenergiesiedlung\">https:\/\/siedlungen.eu\/tag\/plusenergiesiedlung<\/a><\/td>\n<\/tr>\n<tr style=\"height: 67px;\">\n<td style=\"width: 5.43478%; height: 67px;\" width=\"34\">\n<p align=\"right\">7.<\/p>\n<\/td>\n<td style=\"width: 86.8012%; height: 67px;\" width=\"551\"><a href=\"https:\/\/siedlungen.eu\/typologie\/wohnhof\">https:\/\/siedlungen.eu\/typologie\/wohnhof<\/a><\/td>\n<\/tr>\n<tr style=\"height: 67px;\">\n<td style=\"width: 5.43478%; height: 67px;\" width=\"34\">\n<p align=\"right\">8.<\/p>\n<\/td>\n<td style=\"width: 86.8012%; height: 67px;\" width=\"551\"><a href=\"https:\/\/siedlungen.eu\/fahrradfreundliche-siedlungen\">https:\/\/siedlungen.eu\/fahrradfreundliche-siedlungen<\/a><\/td>\n<\/tr>\n<tr style=\"height: 10px;\">\n<td style=\"width: 5.43478%; height: 10px;\" width=\"34\">\n<p align=\"right\">9.<\/p>\n<\/td>\n<td style=\"width: 86.8012%; height: 10px;\" width=\"551\"><a href=\"https:\/\/siedlungen.eu\/tag\/frauenwohnprojekte\">https:\/\/siedlungen.eu\/tag\/frauenwohnprojekte<\/a><\/td>\n<\/tr>\n<tr style=\"height: 67px;\">\n<td style=\"width: 5.43478%; height: 67px;\" width=\"34\">\n<p align=\"right\">10.<\/p>\n<\/td>\n<td style=\"width: 86.8012%; height: 67px;\" width=\"551\"><a href=\"https:\/\/siedlungen.eu\/materialien\/oekobilanzierungs-tools\">https:\/\/siedlungen.eu\/materialien\/oekobilanzierungs-tools<\/a><\/td>\n<\/tr>\n<tr style=\"height: 67px;\">\n<td style=\"width: 5.43478%; height: 67px;\" width=\"34\">\n<p align=\"right\">11.<\/p>\n<\/td>\n<td style=\"width: 86.8012%; height: 67px;\" width=\"551\"><a href=\"http:\/\/sdg21.eu\/wohnprojekte\">http:\/\/sdg21.eu\/wohnprojekte<\/a><\/td>\n<\/tr>\n<tr style=\"height: 67px;\">\n<td style=\"width: 5.43478%; height: 67px;\" width=\"34\">\n<p align=\"right\">12.<\/p>\n<\/td>\n<td style=\"width: 86.8012%; height: 67px;\" width=\"551\"><a href=\"https:\/\/siedlungen.eu\/zero-emission-projekte\">https:\/\/siedlungen.eu\/zero-emission-projekte<\/a><\/td>\n<\/tr>\n<tr style=\"height: 67px;\">\n<td style=\"width: 5.43478%; height: 67px;\" width=\"34\">\n<p align=\"right\">13.<\/p>\n<\/td>\n<td style=\"width: 86.8012%; height: 67px;\" width=\"551\"><a href=\"https:\/\/siedlungen.eu\/tag\/dezentrales-wasserkonzept\">https:\/\/siedlungen.eu\/tag\/dezentrales-wasserkonzept<\/a><\/td>\n<\/tr>\n<tr style=\"height: 67px;\">\n<td style=\"width: 5.43478%; height: 67px;\" width=\"34\">\n<p align=\"right\">14.<\/p>\n<\/td>\n<td style=\"width: 86.8012%; height: 67px;\" width=\"551\"><a href=\"https:\/\/siedlungen.eu\/tag\/kasernenkonversion\">https:\/\/siedlungen.eu\/tag\/kasernenkonversion<\/a><\/td>\n<\/tr>\n<\/tbody>\n<\/table>\n<p>&nbsp;<\/p>\n<table style=\"width: 96.1717%; height: 1055px;\" width=\"643\" cellspacing=\"0\" cellpadding=\"2\">\n<colgroup>\n<col width=\"34\" \/>\n<col width=\"551\" \/>\n<col width=\"45\" \/> <\/colgroup>\n<thead>\n<tr>\n<td style=\"vertical-align: top; width: 5.37241%;\"><\/td>\n<td style=\"vertical-align: top; width: 87.5458%;\">\n<h3><b>sdg21 page views \"<\/b><strong>Geographical\"<\/strong><\/h3>\n<\/td>\n<\/tr>\n<tr>\n<td style=\"vertical-align: top; width: 5.37241%;\" width=\"34\"><\/td>\n<td style=\"vertical-align: top; width: 87.5458%;\" width=\"551\">Link<\/td>\n<\/tr>\n<\/thead>\n<tbody>\n<tr>\n<td style=\"width: 5.37241%;\" width=\"34\">\n<p align=\"right\">1.<\/p>\n<\/td>\n<td style=\"width: 87.5458%;\" width=\"551\"><a href=\"https:\/\/siedlungen.eu\/bundesland\/nrw\">https:\/\/siedlungen.eu\/bundesland\/nrw<\/a><\/td>\n<\/tr>\n<tr>\n<td style=\"width: 5.37241%;\" width=\"34\">\n<p align=\"right\">2.<\/p>\n<\/td>\n<td style=\"width: 87.5458%;\" width=\"551\"><a href=\"http:\/\/sdg21.eu\/stadtregion\/bonn-und-umland\">http:\/\/sdg21.eu\/stadtregion\/bonn-und-umland<\/a><\/td>\n<\/tr>\n<tr>\n<td style=\"width: 5.37241%;\" width=\"34\">\n<p align=\"right\">3.<\/p>\n<\/td>\n<td style=\"width: 87.5458%;\" width=\"551\"><a href=\"https:\/\/siedlungen.eu\/bundesland\/schleswig-holstein\">https:\/\/siedlungen.eu\/bundesland\/schleswig-holstein<\/a><\/td>\n<\/tr>\n<tr>\n<td style=\"width: 5.37241%;\" width=\"34\">\n<p align=\"right\">4.<\/p>\n<\/td>\n<td style=\"width: 87.5458%;\" width=\"551\"><a href=\"https:\/\/siedlungen.eu\/bundesland\/mv\">https:\/\/siedlungen.eu\/bundesland\/mv<\/a><\/td>\n<\/tr>\n<tr>\n<td style=\"width: 5.37241%;\" width=\"34\">\n<p align=\"right\">5.<\/p>\n<\/td>\n<td style=\"width: 87.5458%;\" width=\"551\"><a href=\"https:\/\/siedlungen.eu\/bundesland\/bayern\">https:\/\/siedlungen.eu\/bundesland\/bayern<\/a><\/td>\n<\/tr>\n<tr>\n<td style=\"width: 5.37241%;\" width=\"34\">\n<p align=\"right\">6.<\/p>\n<\/td>\n<td style=\"width: 87.5458%;\" width=\"551\"><a href=\"https:\/\/siedlungen.eu\/bundesland\/berlin\">https:\/\/siedlungen.eu\/bundesland\/berlin<\/a><\/td>\n<\/tr>\n<tr>\n<td style=\"width: 5.37241%;\" width=\"34\">\n<p align=\"right\">7.<\/p>\n<\/td>\n<td style=\"width: 87.5458%;\" width=\"551\"><a href=\"http:\/\/sdg21.eu\/db\/oesterreich\">http:\/\/sdg21.eu\/db\/oesterreich<\/a><\/td>\n<\/tr>\n<tr>\n<td style=\"width: 5.37241%;\" width=\"34\">\n<p align=\"right\">8.<\/p>\n<\/td>\n<td style=\"width: 87.5458%;\" width=\"551\"><a href=\"http:\/\/sdg21.eu\/europa\">http:\/\/sdg21.eu\/europa<\/a><\/td>\n<\/tr>\n<tr>\n<td style=\"width: 5.37241%;\" width=\"34\">\n<p align=\"right\">9.<\/p>\n<\/td>\n<td style=\"width: 87.5458%;\" width=\"551\"><a href=\"https:\/\/siedlungen.eu\/bundesland\/hamburg\">https:\/\/siedlungen.eu\/bundesland\/hamburg<\/a><\/td>\n<\/tr>\n<tr>\n<td style=\"width: 5.37241%;\" width=\"34\">\n<p align=\"right\">10.<\/p>\n<\/td>\n<td style=\"width: 87.5458%;\" width=\"551\"><\/td>\n<\/tr>\n<tr>\n<td style=\"width: 5.37241%;\" width=\"34\">\n<p align=\"right\">11.<\/p>\n<\/td>\n<td style=\"width: 87.5458%;\" width=\"551\"><a href=\"https:\/\/siedlungen.eu\/bundesland\/bawue\">https:\/\/siedlungen.eu\/bundesland\/bawue<\/a><\/td>\n<\/tr>\n<tr>\n<td style=\"width: 5.37241%;\" width=\"34\">\n<p align=\"right\">12.<\/p>\n<\/td>\n<td style=\"width: 87.5458%;\" width=\"551\"><a href=\"https:\/\/siedlungen.eu\/deutschland\">https:\/\/siedlungen.eu\/deutschland<\/a><\/td>\n<\/tr>\n<tr>\n<td style=\"width: 5.37241%;\" width=\"34\">\n<p align=\"right\">13.<\/p>\n<\/td>\n<td style=\"width: 87.5458%;\" width=\"551\"><a href=\"https:\/\/siedlungen.eu\/projekte\/nrw\">https:\/\/siedlungen.eu\/projekte\/nrw<\/a><\/td>\n<\/tr>\n<tr>\n<td style=\"width: 5.37241%;\" width=\"34\">\n<p align=\"right\">14.<\/p>\n<\/td>\n<td style=\"width: 87.5458%;\" width=\"551\"><a href=\"https:\/\/siedlungen.eu\/bundesland\/brandenburg\">https:\/\/siedlungen.eu\/bundesland\/brandenburg<\/a><\/td>\n<\/tr>\n<tr>\n<td style=\"width: 5.37241%;\" width=\"34\">\n<p align=\"right\">15.<\/p>\n<\/td>\n<td style=\"width: 87.5458%;\" width=\"551\"><a href=\"https:\/\/siedlungen.eu\/bundesland\/hessen\">https:\/\/siedlungen.eu\/bundesland\/hessen<\/a><\/td>\n<\/tr>\n<tr>\n<td style=\"width: 5.37241%;\" width=\"34\"><\/td>\n<td style=\"width: 87.5458%;\" width=\"551\"><\/td>\n<\/tr>\n<\/tbody>\n<\/table>\n<p>&nbsp;<\/p>","protected":false},"excerpt":{"rendered":"<p>Die folgenden sdg21-Webseiten hatten vom 1. Januar bis 31. Dezember 2019 die h\u00e4ufigsten Aufrufe: Erfasst wurden die Seitenaufrufe nur dann, wenn im Browser des Nutzers &#8222;Do not track&#8220; deaktiviert war. Das hei\u00dft die tats\u00e4chliche Zugriffszahlen d\u00fcrften deutlich h\u00f6her sdg21-Seitenaufrufe Projekte Link 1. http:\/\/sdg21.eu\/db\/stellwerk-60-koeln-nippes 2. http:\/\/sdg21.eu\/db\/nachhaltiger-modellstadtteil-vauban 3. http:\/\/sdg21.eu\/db\/s-u-s-i 4. http:\/\/sdg21.eu\/db\/baumhaeuser-von-frei-otto-in-berlin-tiergarten 5. http:\/\/sdg21.eu\/db\/duesseldorf-unterbach 6. http:\/\/sdg21.eu\/db\/bielefeld-waldquelle 7. http:\/\/sdg21.eu\/db\/esa-studierendenwohnheim-kaiserslautern [&hellip;]<\/p>\n","protected":false},"author":1,"featured_media":0,"parent":0,"menu_order":0,"template":"","format":"standard","blog-kategorie":[780],"blog-schlagwort":[],"class_list":{"0":"post-20688","1":"blog","2":"type-blog","3":"status-publish","4":"format-standard","6":"blog-kategorie-sdg21-news","7":"gallery-content-unit","8":"czr-hentry"},"aioseo_notices":[],"_links":{"self":[{"href":"http:\/\/sdg21.eu\/en\/wp-json\/wp\/v2\/blog\/20688","targetHints":{"allow":["GET"]}}],"collection":[{"href":"http:\/\/sdg21.eu\/en\/wp-json\/wp\/v2\/blog"}],"about":[{"href":"http:\/\/sdg21.eu\/en\/wp-json\/wp\/v2\/types\/blog"}],"author":[{"embeddable":true,"href":"http:\/\/sdg21.eu\/en\/wp-json\/wp\/v2\/users\/1"}],"version-history":[{"count":0,"href":"http:\/\/sdg21.eu\/en\/wp-json\/wp\/v2\/blog\/20688\/revisions"}],"wp:attachment":[{"href":"http:\/\/sdg21.eu\/en\/wp-json\/wp\/v2\/media?parent=20688"}],"wp:term":[{"taxonomy":"blog-kategorie","embeddable":true,"href":"http:\/\/sdg21.eu\/en\/wp-json\/wp\/v2\/blog-kategorie?post=20688"},{"taxonomy":"blog-schlagwort","embeddable":true,"href":"http:\/\/sdg21.eu\/en\/wp-json\/wp\/v2\/blog-schlagwort?post=20688"}],"curies":[{"name":"wp","href":"https:\/\/api.w.org\/{rel}","templated":true}]}}