{"id":18456,"date":"2017-07-11T14:00:21","date_gmt":"2017-07-11T14:00:21","guid":{"rendered":"https:\/\/siedlungen.eu\/?post_type=blog&#038;p=18456"},"modified":"2019-09-03T14:02:06","modified_gmt":"2019-09-03T14:02:06","slug":"thueringen-fuellt-foerdertopf-fuer-photovoltaik-auf","status":"publish","type":"blog","link":"https:\/\/sdg21.eu\/en\/blog\/thueringen-fuellt-foerdertopf-fuer-photovoltaik-auf","title":{"rendered":"Thuringia fills funding pot for photovoltaics"},"content":{"rendered":"<p><span class=\"date-teaser\">07.07.2017 &#8211; <\/span>The Ministry of the Environment in Thuringia has increased the funding for the Solar Invest Program by a further 1.3 million euros as of July 1, 2017. After Erfurt already increased the originally planned funding amount of 2.5 million euros by 1.9 million euros in April, a total of 5.7 million euros is available for this year to accelerate the expansion of photovoltaics in Thuringia.<\/p>\n<p>More Infs:<br \/>\n<a href=\"http:\/\/www.geb-info.de\/gentner.dll\/PL_121840_773905\" target=\"_blank\" rel=\"noopener noreferrer\">www.geb-info.de\/gentner.dll\/PL_121840_773905<\/a><\/p>","protected":false},"excerpt":{"rendered":"<p>07.07.2017 &#8211; Das Umweltministerium in Th\u00fcringen hat die Mittel f\u00fcr das Solar Invest Programm zum 1. Juli 2017 um weitere 1,3 Millionen Euro aufgestockt. Nachdem Erfurt bereits im April die urspr\u00fcnglich geplante F\u00f6rdersumme von 2,5 Millionen Euro um 1,9 Millionen Euro erh\u00f6ht hat, stehen f\u00fcr dieses Jahr insgesamt 5,7 Millionen Euro zur Verf\u00fcgung, um den [&hellip;]<\/p>\n","protected":false},"author":1,"featured_media":0,"parent":0,"menu_order":0,"template":"","format":"standard","blog-kategorie":[755,758,756,767,836,797,769,825],"blog-schlagwort":[],"class_list":{"0":"post-18456","1":"blog","2":"type-blog","3":"status-publish","4":"format-standard","6":"blog-kategorie-akteure","7":"blog-kategorie-bundesland","8":"blog-kategorie-erneuerbare","9":"blog-kategorie-foerdergelder","10":"blog-kategorie-thueringen","11":"blog-kategorie-plusenergiehaus-siedlung","12":"blog-kategorie-pv","13":"blog-kategorie-umweltpolitik","14":"gallery-content-unit","15":"czr-hentry"},"aioseo_notices":[],"_links":{"self":[{"href":"https:\/\/sdg21.eu\/en\/wp-json\/wp\/v2\/blog\/18456","targetHints":{"allow":["GET"]}}],"collection":[{"href":"https:\/\/sdg21.eu\/en\/wp-json\/wp\/v2\/blog"}],"about":[{"href":"https:\/\/sdg21.eu\/en\/wp-json\/wp\/v2\/types\/blog"}],"author":[{"embeddable":true,"href":"https:\/\/sdg21.eu\/en\/wp-json\/wp\/v2\/users\/1"}],"version-history":[{"count":0,"href":"https:\/\/sdg21.eu\/en\/wp-json\/wp\/v2\/blog\/18456\/revisions"}],"wp:attachment":[{"href":"https:\/\/sdg21.eu\/en\/wp-json\/wp\/v2\/media?parent=18456"}],"wp:term":[{"taxonomy":"blog-kategorie","embeddable":true,"href":"https:\/\/sdg21.eu\/en\/wp-json\/wp\/v2\/blog-kategorie?post=18456"},{"taxonomy":"blog-schlagwort","embeddable":true,"href":"https:\/\/sdg21.eu\/en\/wp-json\/wp\/v2\/blog-schlagwort?post=18456"}],"curies":[{"name":"wp","href":"https:\/\/api.w.org\/{rel}","templated":true}]}}