{"id":29458,"date":"2024-05-15T15:30:43","date_gmt":"2024-05-15T13:30:43","guid":{"rendered":"https:\/\/sdg21.eu\/?post_type=blog&#038;p=29458"},"modified":"2025-03-25T11:41:12","modified_gmt":"2025-03-25T10:41:12","slug":"quartiersfest-auf-dem-lauffenmuehle-areal-am-15-und-16-juni-2024-in-loerrach","status":"publish","type":"blog","link":"https:\/\/sdg21.eu\/en\/blog\/quartiersfest-auf-dem-lauffenmuehle-areal-am-15-und-16-juni-2024-in-loerrach","title":{"rendered":"Quartiersfest auf dem Lauffenm\u00fchle-Areal am 15. und 16. Juni 2024 in L\u00f6rrach"},"content":{"rendered":"<p><strong><a href=\"https:\/\/sdg21.eu\/wp-content\/uploads\/2024\/05\/Konzert.jpg\"><img loading=\"lazy\" decoding=\"async\" class=\"wp-image-29464 alignnone\" src=\"https:\/\/sdg21.eu\/wp-content\/uploads\/2024\/05\/Konzert-560x338.jpg\" alt=\"\" width=\"401\" height=\"242\" srcset=\"https:\/\/sdg21.eu\/wp-content\/uploads\/2024\/05\/Konzert-560x338.jpg 560w, https:\/\/sdg21.eu\/wp-content\/uploads\/2024\/05\/Konzert-250x151.jpg 250w, https:\/\/sdg21.eu\/wp-content\/uploads\/2024\/05\/Konzert-18x12.jpg 18w, https:\/\/sdg21.eu\/wp-content\/uploads\/2024\/05\/Konzert-570x345.jpg 570w, https:\/\/sdg21.eu\/wp-content\/uploads\/2024\/05\/Konzert.jpg 718w\" sizes=\"auto, (max-width: 401px) 100vw, 401px\" \/><\/a><\/strong><\/p>\n<p><strong>EINLADUNG<\/strong><\/p>\n<p>Liebe B\u00fcrgerinnen und B\u00fcrger, liebe Freunde der Lauffenm\u00fchle,<\/p>\n<p>wir laden Sie herzlich zum Quartiersfest der Lauffenm\u00fchle am 15. und 16. Juni 2024 und zu thematischen F\u00fchrungen auf dem Areal von Mai bis September 2024 ein.<\/p>\n<p>Unter dem Motto &#8222;Immer einen Sommer lang&#8220; er\u00f6ffnet B\u00fcrgermeisterin Neuh\u00f6fer-Avdi\u0107 am<\/p>\n<p><b>Samstag, 15. Juni 2024 um 14 Uhr<\/b><br \/>\n<b>Lauffenm\u00fchle-Areal, beim Haagensteg 4 <\/b><\/p>\n<p>das erste Quartiersfest und Sommerprogramm mit Musik, Kunst, Ausstellungen, Performances, F\u00fchrungen und Bewirtung durch die Feuerwehr, Abteilung Brombach.<\/p>\n<p>Die Stadt L\u00f6rrach plant auf dem Areal der Lauffenm\u00fchle in L\u00f6rrach-Brombach das deutschlandweit erste klimaneutrale Gewerbegebiet in Holzbauweise. Dabei wird die Stadt vom Land Baden-W\u00fcrttemberg unterst\u00fctzt. Nach der Auslobung und dem Jury-Entscheid des st\u00e4dtebaulich-freiraumplanerischen Wettbewerbs l\u00e4dt die Stadt L\u00f6rrach nun die B\u00fcrgerschaft ein, sich mit den Entw\u00fcrfen und Ideen der Stadtplanung und mit der Umgestaltung des Areals vertraut zu machen. Neben der planerisch-baulichen Entwicklung des Areals, gilt es auch, das Quartier zu entwickeln. Hier sind insbesondere die umliegenden Ortsteile und alle Interessierte eingeladen, sich mit Ideen und Vorschl\u00e4gen sowie mit b\u00fcrgerschaftlichem Engagement einzubringen.<\/p>\n<p><strong>Samstag, 15. Juni 2024<\/strong><br \/>\n14.00 Uhr Er\u00f6ffnung<br \/>\nmit B\u00fcrgermeisterin Monika Neuh\u00f6fer-Avdi\u0107<br \/>\nund Singer-Songwriter Auftakt<br \/>\n15.00 Uhr Vernissage<br \/>\n\u201eZeitzeugen der Lauffenm\u00fchle\u201c<br \/>\n15.30 Uhr Vernissage \u201eLokale Kunstschaffende\u201c<br \/>\n16.30 Uhr Narrenzunft L\u00f6rrach<br \/>\n\u201eS\u2018isch wie\u2018s isch\u201c<br \/>\n17.30 Uhr Peter Reimtgut<br \/>\n\u201eDas ist Leben\u201c<br \/>\n19.00 Uhr The Kerstin<br \/>\n\u201eslightly distracted\u201c, mit Pheat<\/p>\n<p><strong>Sonntag, 16. Juni 2024<\/strong><br \/>\n11.00 Uhr Narrenzunft L\u00f6rrach<br \/>\n\u201eS\u2018isch wie\u2018s isch\u201c<br \/>\n12.00 Uhr Hellbergschule<br \/>\nmit Musik- und Tanz-AG<br \/>\n14.00 Uhr F\u00fchrung<br \/>\n\u00fcber das Lauffenm\u00fchle-Areal<br \/>\n15.00 Uhr Nachbarschaftstreff<br \/>\nmit Kaffee und Kuchen<br \/>\n15.30 Uhr \u201eALFA\u201c Percussion Ensemble<br \/>\nSt\u00e4dtische Musikschule<br \/>\n16.00 Uhr Bands \u201eGreenhorns\u201c und \u201eMarshmallow<br \/>\nFighters\u201c, St\u00e4dtische Musikschule<br \/>\n17.00 Uhr F\u00fchrung \u00fcber das Lauffenm\u00fchle-Areal<br \/>\n18.00 Uhr Performance \u201eBrunch Boys\u201c<br \/>\nmit Schlagzeug und Effekten<\/p>\n<p>pdf download:<br \/>\n<a href=\"https:\/\/sdg21.eu\/wp-content\/uploads\/2016\/08\/pdf.gif\"><img loading=\"lazy\" decoding=\"async\" class=\"alignleft size-full wp-image-6108\" src=\"https:\/\/sdg21.eu\/wp-content\/uploads\/2016\/08\/pdf.gif\" alt=\"\" width=\"16\" height=\"16\" \/><\/a><a href=\"https:\/\/sdg21.eu\/wp-content\/uploads\/2024\/05\/Lauffenmuehle-Programm-Immer-einen-Sommer-lang.pdf\">Lauffenm\u00fchle Programm &#8222;Immer einen Sommer lang&#8220;<\/a><\/p>\n<p>Die Lauffenm\u00fchle \u00f6ffnet allen interessierten G\u00e4sten die Tore.<br \/>\nWir freuen uns auf das Lauffenm\u00fchle-Quartiersfest mit Ihnen!<\/p>\n<p>J\u00f6rg Lutz \u00a0 \u00a0 \u00a0 \u00a0 \u00a0 \u00a0 \u00a0 \u00a0 \u00a0 \u00a0 \u00a0 \u00a0 \u00a0 \u00a0 \u00a0 \u00a0 Monika Neuh\u00f6fer-Avdi\u0107<br \/>\nOberb\u00fcrgermeister \u00a0 \u00a0 \u00a0 \u00a0 \u00a0 \u00a0 \u00a0 \u00a0 \u00a0 \u00a0 \u00a0 \u00a0 B\u00fcrgermeisterin<\/p>\n<p>Stabsstelle Medien und Kommunikation<br \/>\nStadt L\u00f6rrach<br \/>\nLuisenstra\u00dfe 16<br \/>\n79539 L\u00f6rrach<\/p>","protected":false},"excerpt":{"rendered":"<p><strong><a href=\"https:\/\/sdg21.eu\/wp-content\/uploads\/2024\/05\/Konzert.jpg\"><img loading=\"lazy\" decoding=\"async\" class=\"wp-image-29464  alignnone\" src=\"https:\/\/sdg21.eu\/wp-content\/uploads\/2024\/05\/Konzert-560x338.jpg\" alt=\"\" width=\"401\" height=\"242\" srcset=\"https:\/\/sdg21.eu\/wp-content\/uploads\/2024\/05\/Konzert-560x338.jpg 560w, https:\/\/sdg21.eu\/wp-content\/uploads\/2024\/05\/Konzert-250x151.jpg 250w, https:\/\/sdg21.eu\/wp-content\/uploads\/2024\/05\/Konzert-18x12.jpg 18w, https:\/\/sdg21.eu\/wp-content\/uploads\/2024\/05\/Konzert-570x345.jpg 570w, https:\/\/sdg21.eu\/wp-content\/uploads\/2024\/05\/Konzert.jpg 718w\" sizes=\"auto, (max-width: 401px) 100vw, 401px\" \/><\/a><\/strong><\/p>","protected":false},"author":1,"featured_media":0,"parent":0,"menu_order":0,"template":"","format":"standard","blog-kategorie":[815,931,851,775,804,760,922],"blog-schlagwort":[],"class_list":{"0":"post-29458","1":"blog","2":"type-blog","3":"status-publish","4":"format-standard","6":"blog-kategorie-co2-neutral","7":"blog-kategorie-faktor-x","8":"blog-kategorie-gewerbe","9":"blog-kategorie-holzbau","10":"blog-kategorie-klimaschutz","11":"blog-kategorie-baden-wuerttemberg","12":"blog-kategorie-urbane-produktion","13":"gallery-content-unit","14":"czr-hentry"},"aioseo_notices":[],"_links":{"self":[{"href":"https:\/\/sdg21.eu\/en\/wp-json\/wp\/v2\/blog\/29458","targetHints":{"allow":["GET"]}}],"collection":[{"href":"https:\/\/sdg21.eu\/en\/wp-json\/wp\/v2\/blog"}],"about":[{"href":"https:\/\/sdg21.eu\/en\/wp-json\/wp\/v2\/types\/blog"}],"author":[{"embeddable":true,"href":"https:\/\/sdg21.eu\/en\/wp-json\/wp\/v2\/users\/1"}],"version-history":[{"count":3,"href":"https:\/\/sdg21.eu\/en\/wp-json\/wp\/v2\/blog\/29458\/revisions"}],"predecessor-version":[{"id":29516,"href":"https:\/\/sdg21.eu\/en\/wp-json\/wp\/v2\/blog\/29458\/revisions\/29516"}],"wp:attachment":[{"href":"https:\/\/sdg21.eu\/en\/wp-json\/wp\/v2\/media?parent=29458"}],"wp:term":[{"taxonomy":"blog-kategorie","embeddable":true,"href":"https:\/\/sdg21.eu\/en\/wp-json\/wp\/v2\/blog-kategorie?post=29458"},{"taxonomy":"blog-schlagwort","embeddable":true,"href":"https:\/\/sdg21.eu\/en\/wp-json\/wp\/v2\/blog-schlagwort?post=29458"}],"curies":[{"name":"wp","href":"https:\/\/api.w.org\/{rel}","templated":true}]}}